{"id":2010,"date":"2023-10-17T16:46:46","date_gmt":"2023-10-17T16:46:46","guid":{"rendered":"http:\/\/elmolinodeplata.com\/our-history-un-alojamiento-boutique-de-lujo-en-granada\/"},"modified":"2023-10-24T12:43:00","modified_gmt":"2023-10-24T12:43:00","slug":"alojamiento-boutique-de-lujo-en-granada","status":"publish","type":"post","link":"https:\/\/elmolinodeplata.com\/es\/alojamiento-boutique-de-lujo-en-granada\/","title":{"rendered":"Our history, un alojamiento boutique de lujo en Granada"},"content":{"rendered":"<p>[et_pb_section fb_built=\u00bb1&#8243; _builder_version=\u00bb4.20.0&#8243; _module_preset=\u00bbdefault\u00bb background_color=\u00bb#5e5f53&#8243; module_alignment=\u00bbcenter\u00bb global_colors_info=\u00bb{}\u00bb][et_pb_row _builder_version=\u00bb4.20.0&#8243; _module_preset=\u00bbdefault\u00bb global_colors_info=\u00bb{}\u00bb][et_pb_column type=\u00bb4_4&#8243; _builder_version=\u00bb4.20.0&#8243; _module_preset=\u00bbdefault\u00bb global_colors_info=\u00bb{}\u00bb][et_pb_text _builder_version=\u00bb4.22.2&#8243; _module_preset=\u00bbdefault\u00bb text_text_color=\u00bbrgba(255,255,255,0.78)\u00bb header_font=\u00bb|600||||on|||\u00bb header_text_color=\u00bbRGBA(255,255,255,0)\u00bb header_font_size=\u00bb1px\u00bb header_2_font=\u00bb|600||||on|||\u00bb header_2_text_align=\u00bbcenter\u00bb header_2_text_color=\u00bbrgba(255,255,255,0.73)\u00bb header_3_font=\u00bbNonera||||||||\u00bb header_3_text_color=\u00bb#FFFFFF\u00bb header_3_font_size=\u00bb32px\u00bb header_4_font=\u00bbAllison||||||||\u00bb header_4_text_color=\u00bbrgba(255,255,255,0.64)\u00bb header_4_font_size=\u00bb44px\u00bb text_orientation=\u00bbcenter\u00bb max_width=\u00bb88%\u00bb module_alignment=\u00bbcenter\u00bb custom_margin=\u00bb-20px||||false|false\u00bb custom_margin_tablet=\u00bb-20px||||false|false\u00bb custom_margin_phone=\u00bb-20px||||false|false\u00bb custom_margin_last_edited=\u00bbon|phone\u00bb custom_padding=\u00bb0px|||||\u00bb header_2_font_size_tablet=\u00bb\u00bb header_2_font_size_phone=\u00bb23px\u00bb header_2_font_size_last_edited=\u00bbon|phone\u00bb header_4_font_size_tablet=\u00bb44px\u00bb header_4_font_size_phone=\u00bb41px\u00bb header_4_font_size_last_edited=\u00bbon|phone\u00bb global_colors_info=\u00bb{}\u00bb]<\/p>\n<h1>alojamiento boutique de lujo en Granada<\/h1>\n<h3>Our History \u2013 El Molino de Plata<\/h3>\n<h2>\u00abUna lujosa experiencia rural\u00bb<\/h2>\n<p>[\/et_pb_text][et_pb_image src=\u00bbhttp:\/\/elmolinodeplata.com\/wp-content\/uploads\/2023\/10\/alojamiento-boutique-lujo-granada-ahora-ext.webp\u00bb alt=\u00bbLuxury boutique accommodation Granada\u00bb title_text=\u00bbalojamiento-boutique-lujo-granada-ahora-ext\u00bb show_in_lightbox=\u00bbon\u00bb _builder_version=\u00bb4.22.2&#8243; _module_preset=\u00bbdefault\u00bb global_colors_info=\u00bb{}\u00bb][\/et_pb_image][et_pb_text _builder_version=\u00bb4.22.2&#8243; _module_preset=\u00bbdefault\u00bb text_text_color=\u00bbrgba(255,255,255,0.71)\u00bb header_2_font=\u00bb|600||||on|||\u00bb header_2_text_align=\u00bbcenter\u00bb header_2_text_color=\u00bbrgba(255,255,255,0.73)\u00bb header_3_font=\u00bb|600||||on|||\u00bb header_3_text_color=\u00bbRGBA(255,255,255,0)\u00bb header_3_font_size=\u00bb1px\u00bb header_3_line_height=\u00bb0em\u00bb header_4_font=\u00bbNonera||||||||\u00bb header_4_text_align=\u00bbcenter\u00bb header_4_text_color=\u00bb#FFFFFF\u00bb header_4_font_size=\u00bb42px\u00bb header_4_line_height=\u00bb0.5em\u00bb header_2_font_size_tablet=\u00bb\u00bb header_2_font_size_phone=\u00bb23px\u00bb header_2_font_size_last_edited=\u00bbon|phone\u00bb header_4_font_size_tablet=\u00bb42px\u00bb header_4_font_size_phone=\u00bb34px\u00bb header_4_font_size_last_edited=\u00bbon|phone\u00bb global_colors_info=\u00bb{}\u00bb]<\/p>\n<h4>Un exclusivo<\/h4>\n<h4>alojamiento boutique<\/h4>\n<h2>y su \u00edntimo restaurante donde poder recibir al cliente como en casa<\/h2>\n<p>[\/et_pb_text][et_pb_image src=\u00bbhttp:\/\/elmolinodeplata.com\/wp-content\/uploads\/2023\/10\/alojamiento-boutique-lujo-granada-interior.webp\u00bb alt=\u00bbalojamiento boutique lujo Granada interior\u00bb title_text=\u00bbalojamiento boutique lujo Granada interior\u00bb show_in_lightbox=\u00bbon\u00bb _builder_version=\u00bb4.22.2&#8243; _module_preset=\u00bbdefault\u00bb global_colors_info=\u00bb{}\u00bb][\/et_pb_image][et_pb_text _builder_version=\u00bb4.22.2&#8243; _module_preset=\u00bbdefault\u00bb text_text_color=\u00bbrgba(255,255,255,0.71)\u00bb header_2_font=\u00bb|600||||on|||\u00bb header_2_text_align=\u00bbcenter\u00bb header_2_text_color=\u00bbrgba(255,255,255,0.73)\u00bb header_3_font=\u00bb|600||||on|||\u00bb header_3_text_color=\u00bbRGBA(255,255,255,0)\u00bb header_3_font_size=\u00bb1px\u00bb header_3_line_height=\u00bb0em\u00bb header_4_font=\u00bbNonera||||||||\u00bb header_4_text_align=\u00bbcenter\u00bb header_4_text_color=\u00bb#FFFFFF\u00bb header_4_font_size=\u00bb42px\u00bb header_4_line_height=\u00bb0.5em\u00bb header_2_font_size_tablet=\u00bb\u00bb header_2_font_size_phone=\u00bb23px\u00bb header_2_font_size_last_edited=\u00bbon|phone\u00bb header_4_font_size_tablet=\u00bb42px\u00bb header_4_font_size_phone=\u00bb34px\u00bb header_4_font_size_last_edited=\u00bbon|phone\u00bb global_colors_info=\u00bb{}\u00bb]<\/p>\n<p>&nbsp;<\/p>\n<p>La historia de nuestro proyecto familiar se entrelaza con la sinergia que fluy\u00f3 al encontrarnos con este caser\u00f3n y su molino de pan &amp; aceite del S.XIX. Dando as\u00ed comienzo a nuestra aventura y la minuciosa rehabilitaci\u00f3n, que ha hecho hoy renacer a este singular lugar, para dar la bienvenida al <strong>exclusivo alojamiento boutique<\/strong> en el que se ha convertido.\u00a0 Y que con gran ilusi\u00f3n queremos compartir con vosotros, abriendo hoy nuevamente sus puertas tras d\u00e9cadas cerrado.<\/p>\n<h3>alojamiento boutique de lujo en Granada<\/h3>\n<p>\u00a1\u00a1So\u00f1aba con inaugurar un \u00edntimo <strong>hotel boutique<\/strong>!! Y mi pasi\u00f3n por recibir, junto a la devoci\u00f3n por mi profesi\u00f3n como interiorista, se han unido para darnos el empuj\u00f3n, que nos ha hecho llevar a la realidad este ilusionante proyecto.<br \/>Una vez nos decidimos a dar el paso, quedaba lo m\u00e1s complicado, que era encontrar ese espacio, esa casa con una energ\u00eda singular, con la que conect\u00e1ramos desde el primer momento, llen\u00e1ndonos de sensaciones e ilusiones.<\/p>\n<p>[\/et_pb_text][\/et_pb_column][\/et_pb_row][et_pb_row _builder_version=\u00bb4.22.2&#8243; _module_preset=\u00bbdefault\u00bb global_colors_info=\u00bb{}\u00bb][et_pb_column type=\u00bb4_4&#8243; _builder_version=\u00bb4.22.2&#8243; _module_preset=\u00bbdefault\u00bb global_colors_info=\u00bb{}\u00bb][et_pb_image src=\u00bbhttp:\/\/elmolinodeplata.com\/wp-content\/uploads\/2023\/10\/alojamiento-boutique-lujo-granada-antes-ext2.webp\u00bb alt=\u00bbalojamiento boutique de lujo en Granada antes\u00bb title_text=\u00bbalojamiento boutique de lujo en Granada antes\u00bb show_in_lightbox=\u00bbon\u00bb _builder_version=\u00bb4.22.2&#8243; _module_preset=\u00bbdefault\u00bb global_colors_info=\u00bb{}\u00bb][\/et_pb_image][et_pb_image src=\u00bbhttp:\/\/elmolinodeplata.com\/wp-content\/uploads\/2023\/10\/alojamiento-boutique-lujo-granada-despues2.webp\u00bb alt=\u00bbalojamiento boutique lujo granada despues\u00bb title_text=\u00bbalojamiento boutique lujo granada despues\u00bb show_in_lightbox=\u00bbon\u00bb _builder_version=\u00bb4.22.2&#8243; _module_preset=\u00bbdefault\u00bb global_colors_info=\u00bb{}\u00bb][\/et_pb_image][et_pb_text _builder_version=\u00bb4.22.2&#8243; _module_preset=\u00bbdefault\u00bb text_text_color=\u00bbrgba(255,255,255,0.71)\u00bb header_2_text_color=\u00bbRGBA(255,255,255,0)\u00bb header_2_font_size=\u00bb1px\u00bb global_colors_info=\u00bb{}\u00bb]<\/p>\n<h2><strong>Nuestro alojamiento boutique de lujo en Granada, el interior<\/strong><\/h2>\n<p>Para nosotros, adem\u00e1s, era fundamental que la finca estuviera en un enclave de desconexi\u00f3n. Quer\u00edamos un entorno de campo y monta\u00f1a lejos de la rutina y estr\u00e9s diario, pero que al mismo tiempo estuviese cerca de la ciudad.<br \/>Y en nuestra b\u00fasqueda, hace a\u00f1o y medio, llegamos hasta Albu\u00f1uelas, un pintoresco, peque\u00f1o y tranquilo pueblecito del Valle de Lecr\u00edn. Sus admirables vistas a las monta\u00f1as, su frondosa vegetaci\u00f3n, la paz que se respiraba y una <a href=\"https:\/\/elmolinodeplata.com\/es\/entorno\/\" title=\"Nuestro entorno\">ubicaci\u00f3n privilegiada<\/a> a media hora de Granada, nos parecieron el escenario id\u00f3neo.<\/p>\n<p>El mismo d\u00eda que conocimos Albu\u00f1uelas, nos hab\u00edamos citado con Daniela, de la agencia <a href=\"https:\/\/www.athomeinandalusia.com\/ingles\/\" target=\"_blank\" rel=\"noopener\">At Home In Andalusia<\/a>, que fue qui\u00e9n nos present\u00f3 a los propietarios, de toda la vida del molino.<br \/>Fue un flechazo desde el primer momento que vimos esta antigua casa y su asalvajado jard\u00edn de la entrada, a trav\u00e9s de la vieja verja que nos recib\u00eda.<br \/>La finca, aunque muy descuidada por el paso del tiempo, segu\u00eda manteniendo un aura especial, que nos enamor\u00f3 ya desde fuera.<br \/>Al entrar descubrimos, entre sus elevados muros de piedra, muchos bonitos y singulares rincones, donde el silencio era el protagonista. \u00a1\u00a1Se respiraba tranquilad!!<br \/>Y sin dudarlo decidimos que este era el lugar perfecto, donde escribir nuestra nueva historia de proyecto familiar. El lugar perfecto donde poner nuestro granito de arena, para dar vida nuevamente a sus rincones, con nuevas historias de nuestros viajeros.<\/p>\n<p>Cuando adquirimos la propiedad, conservaba muchos recuerdos y enseres, que permanec\u00edan intactos en ella, dejando entrever lo que hab\u00eda significado en Albu\u00f1uelas, en sus or\u00edgenes, el Molino de Jes\u00fas, como lo llamaban por aquel entonces en el pueblo.<\/p>\n<p>[\/et_pb_text][et_pb_text _builder_version=\u00bb4.22.2&#8243; _module_preset=\u00bbdefault\u00bb text_text_color=\u00bbrgba(255,255,255,0.71)\u00bb header_2_text_color=\u00bbRGBA(255,255,255,0)\u00bb header_2_font_size=\u00bb1px\u00bb global_colors_info=\u00bb{}\u00bb]<\/p>\n<h2>nuevo boutique hotel de lujo en <a href=\"https:\/\/www.spain.info\/es\/destino\/granada\/\" target=\"_blank\" rel=\"noopener\">Granada<\/a><\/h2>\n<p>La planta baja, destinada en su momento a la producci\u00f3n de aceite, pan y leche, albergaba a\u00fan la impresionante maquinaria y piedras de molino, de lo que habr\u00eda sido desde 1885 una almazara de aceite. As\u00ed como el gran horno, en una sala contigua, que durante d\u00e9cadas, provey\u00f3 de pan al pueblo. En el jard\u00edn trasero, a\u00fan en pie, se encontraba el peque\u00f1o establo de madera, que por entonces fue una humilde vaquer\u00eda, donde a diario los lugare\u00f1os pasaban con su cantera a comprar leche.<\/p>\n<p>Muchos vecinos se han mostrado muy ilusionados al vernos asumir este proyecto. Ya que este m\u00edtico molino, recoge recuerdos de anta\u00f1o, entre los habitantes de Albu\u00f1uelas, que nos relatan \u201cDe ni\u00f1a me mandaba mi madre, a esta finca, con la cacharra a comprar leche reci\u00e9n orde\u00f1ada\u201d. \u201cAqu\u00ed ven\u00eda yo cada d\u00eda a comprar pan reci\u00e9n horneado\u201d. \u201cDe peque\u00f1os nos met\u00edamos por los rincones del jard\u00edn, donde ten\u00edan las vacas, y jug\u00e1bamos al escondite\u201d\u2026.<\/p>\n<p>Con toda la historia que preced\u00eda al molino tuve muy claro, al comenzar con el proyecto, que la est\u00e9tica que requer\u00eda el edificio se encontraba ya inscrita en sus paredes. As\u00ed que me centr\u00e9 en un dise\u00f1o, que mantuviera, por encima de todo, la aut\u00e9ntica energ\u00eda de esta singular propiedad.<br \/>La estructura original de la casa, levantada sobre gruesos muros de piedra, ha sido el lienzo perfecto para el resultado de esta exquisita rehabilitaci\u00f3n, que refleja lo mejor del lujo austero rural.<\/p>\n<h2>Disfrute nuestro boutique home en <a href=\"https:\/\/www.spain.info\/es\/destino\/granada\/\" target=\"_blank\" rel=\"noopener\">Granada<\/a><\/h2>\n<p>Desde el principio nuestra ilusi\u00f3n ha sido la de crear un espacio, donde poder disfrutar de una escapada de <strong>lujo<\/strong> y desconexi\u00f3n, que verdaderamente cambiara el concepto de alojamiento rural.<br \/>Quer\u00edamos incorporar a la idea de experiencia rural, un exclusivo <strong>alojamiento boutique<\/strong> con <a href=\"https:\/\/elmolinodeplata.com\/es\/restaurante-exclusivo\/\">\u00edntimo restaurante<\/a>, donde pudi\u00e9ramos recibir al cliente como en casa.<\/p>\n<p>Y tras seis meses funcionando, seis meses recibiendo viajeros y abriendo la antigua verja, ahora vestida de luces, nuestra historia contin\u00faa. Ahora llena de an\u00e9cdotas y vivencias en los comienzos del \u201cMolino de Plata\u201d. Un singular <a href=\"elmolinodeplata.com\">alojamiento boutique<\/a> que dar\u00e1 mucho de qu\u00e9 hablar. Un singular <strong>alojamiento boutique<\/strong> que dar\u00e1 mucho de qu\u00e9 hablar.<\/p>\n<p>&nbsp;<\/p>\n<p>[\/et_pb_text][\/et_pb_column][\/et_pb_row][\/et_pb_section]<\/p>\n","protected":false},"excerpt":{"rendered":"<p>alojamiento boutique de lujo en Granada Our History \u2013 El Molino de Plata \u00abUna lujosa experiencia rural\u00bbUn exclusivo alojamiento boutique y su \u00edntimo restaurante donde poder recibir al cliente como en casa&nbsp; La historia de nuestro proyecto familiar se entrelaza con la sinergia que fluy\u00f3 al encontrarnos con este caser\u00f3n y su molino de pan [&hellip;]<\/p>\n","protected":false},"author":1,"featured_media":2054,"comment_status":"open","ping_status":"closed","sticky":false,"template":"","format":"standard","meta":{"_et_pb_use_builder":"on","_et_pb_old_content":"","_et_gb_content_width":"","footnotes":""},"categories":[29],"tags":[31,30,33,32,34,35],"yoast_head":"<!-- This site is optimized with the Yoast SEO plugin v22.6 - https:\/\/yoast.com\/wordpress\/plugins\/seo\/ -->\n<title>Our history, un alojamiento boutique de lujo en Granada - El Molino de Plata<\/title>\n<meta name=\"description\" content=\"Esta es la historia de c\u00f3mo un viejo molino se convirti\u00f3 en un alojamiento boutique de lujo en Granada. Una villa con estilo rural e historia\" \/>\n<meta name=\"robots\" content=\"index, follow, max-snippet:-1, max-image-preview:large, max-video-preview:-1\" \/>\n<link rel=\"canonical\" href=\"https:\/\/elmolinodeplata.com\/es\/alojamiento-boutique-de-lujo-en-granada\/\" \/>\n<meta property=\"og:locale\" content=\"es_ES\" \/>\n<meta property=\"og:type\" content=\"article\" \/>\n<meta property=\"og:title\" content=\"Our history, un alojamiento boutique de lujo en Granada - El Molino de Plata\" \/>\n<meta property=\"og:description\" content=\"Esta es la historia de c\u00f3mo un viejo molino se convirti\u00f3 en un alojamiento boutique de lujo en Granada. Una villa con estilo rural e historia\" \/>\n<meta property=\"og:url\" content=\"https:\/\/elmolinodeplata.com\/es\/alojamiento-boutique-de-lujo-en-granada\/\" \/>\n<meta property=\"og:site_name\" content=\"El Molino de Plata\" \/>\n<meta property=\"article:published_time\" content=\"2023-10-17T16:46:46+00:00\" \/>\n<meta property=\"article:modified_time\" content=\"2023-10-24T12:43:00+00:00\" \/>\n<meta property=\"og:image\" content=\"https:\/\/elmolinodeplata.com\/wp-content\/uploads\/2023\/10\/luxury-boutique-accommodation-granada-postv3.webp.jpg\" \/>\n\t<meta property=\"og:image:width\" content=\"825\" \/>\n\t<meta property=\"og:image:height\" content=\"641\" \/>\n\t<meta property=\"og:image:type\" content=\"image\/jpeg\" \/>\n<meta name=\"author\" content=\"admin\" \/>\n<meta name=\"twitter:card\" content=\"summary_large_image\" \/>\n<meta name=\"twitter:label1\" content=\"Escrito por\" \/>\n\t<meta name=\"twitter:data1\" content=\"admin\" \/>\n\t<meta name=\"twitter:label2\" content=\"Tiempo de lectura\" \/>\n\t<meta name=\"twitter:data2\" content=\"5 minutos\" \/>\n<script type=\"application\/ld+json\" class=\"yoast-schema-graph\">{\"@context\":\"https:\/\/schema.org\",\"@graph\":[{\"@type\":\"Article\",\"@id\":\"https:\/\/elmolinodeplata.com\/es\/alojamiento-boutique-de-lujo-en-granada\/#article\",\"isPartOf\":{\"@id\":\"https:\/\/elmolinodeplata.com\/es\/alojamiento-boutique-de-lujo-en-granada\/\"},\"author\":{\"name\":\"admin\",\"@id\":\"https:\/\/elmolinodeplata.com\/es\/#\/schema\/person\/04db3c7c80cde6a17c4641ac3c14691f\"},\"headline\":\"Our history, un alojamiento boutique de lujo en Granada\",\"datePublished\":\"2023-10-17T16:46:46+00:00\",\"dateModified\":\"2023-10-24T12:43:00+00:00\",\"mainEntityOfPage\":{\"@id\":\"https:\/\/elmolinodeplata.com\/es\/alojamiento-boutique-de-lujo-en-granada\/\"},\"wordCount\":1527,\"commentCount\":0,\"publisher\":{\"@id\":\"https:\/\/elmolinodeplata.com\/es\/#organization\"},\"image\":{\"@id\":\"https:\/\/elmolinodeplata.com\/es\/alojamiento-boutique-de-lujo-en-granada\/#primaryimage\"},\"thumbnailUrl\":\"https:\/\/elmolinodeplata.com\/wp-content\/uploads\/2023\/10\/luxury-boutique-accommodation-granada-postv3.webp.jpg\",\"keywords\":[\"alojamiento\",\"boutique\",\"granada\",\"lujo\",\"rural\",\"villa\"],\"articleSection\":[\"Noticias\"],\"inLanguage\":\"es\",\"potentialAction\":[{\"@type\":\"CommentAction\",\"name\":\"Comment\",\"target\":[\"https:\/\/elmolinodeplata.com\/es\/alojamiento-boutique-de-lujo-en-granada\/#respond\"]}]},{\"@type\":\"WebPage\",\"@id\":\"https:\/\/elmolinodeplata.com\/es\/alojamiento-boutique-de-lujo-en-granada\/\",\"url\":\"https:\/\/elmolinodeplata.com\/es\/alojamiento-boutique-de-lujo-en-granada\/\",\"name\":\"Our history, un alojamiento boutique de lujo en Granada - El Molino de Plata\",\"isPartOf\":{\"@id\":\"https:\/\/elmolinodeplata.com\/es\/#website\"},\"primaryImageOfPage\":{\"@id\":\"https:\/\/elmolinodeplata.com\/es\/alojamiento-boutique-de-lujo-en-granada\/#primaryimage\"},\"image\":{\"@id\":\"https:\/\/elmolinodeplata.com\/es\/alojamiento-boutique-de-lujo-en-granada\/#primaryimage\"},\"thumbnailUrl\":\"https:\/\/elmolinodeplata.com\/wp-content\/uploads\/2023\/10\/luxury-boutique-accommodation-granada-postv3.webp.jpg\",\"datePublished\":\"2023-10-17T16:46:46+00:00\",\"dateModified\":\"2023-10-24T12:43:00+00:00\",\"description\":\"Esta es la historia de c\u00f3mo un viejo molino se convirti\u00f3 en un alojamiento boutique de lujo en Granada. Una villa con estilo rural e historia\",\"breadcrumb\":{\"@id\":\"https:\/\/elmolinodeplata.com\/es\/alojamiento-boutique-de-lujo-en-granada\/#breadcrumb\"},\"inLanguage\":\"es\",\"potentialAction\":[{\"@type\":\"ReadAction\",\"target\":[\"https:\/\/elmolinodeplata.com\/es\/alojamiento-boutique-de-lujo-en-granada\/\"]}]},{\"@type\":\"ImageObject\",\"inLanguage\":\"es\",\"@id\":\"https:\/\/elmolinodeplata.com\/es\/alojamiento-boutique-de-lujo-en-granada\/#primaryimage\",\"url\":\"https:\/\/elmolinodeplata.com\/wp-content\/uploads\/2023\/10\/luxury-boutique-accommodation-granada-postv3.webp.jpg\",\"contentUrl\":\"https:\/\/elmolinodeplata.com\/wp-content\/uploads\/2023\/10\/luxury-boutique-accommodation-granada-postv3.webp.jpg\",\"width\":825,\"height\":641},{\"@type\":\"BreadcrumbList\",\"@id\":\"https:\/\/elmolinodeplata.com\/es\/alojamiento-boutique-de-lujo-en-granada\/#breadcrumb\",\"itemListElement\":[{\"@type\":\"ListItem\",\"position\":1,\"name\":\"Home\",\"item\":\"https:\/\/elmolinodeplata.com\/es\/\"},{\"@type\":\"ListItem\",\"position\":2,\"name\":\"Our history, un alojamiento boutique de lujo en Granada\"}]},{\"@type\":\"WebSite\",\"@id\":\"https:\/\/elmolinodeplata.com\/es\/#website\",\"url\":\"https:\/\/elmolinodeplata.com\/es\/\",\"name\":\"elmolinodeplata.com\",\"description\":\"Boutique Home in Granada\",\"publisher\":{\"@id\":\"https:\/\/elmolinodeplata.com\/es\/#organization\"},\"potentialAction\":[{\"@type\":\"SearchAction\",\"target\":{\"@type\":\"EntryPoint\",\"urlTemplate\":\"https:\/\/elmolinodeplata.com\/es\/?s={search_term_string}\"},\"query-input\":\"required name=search_term_string\"}],\"inLanguage\":\"es\"},{\"@type\":\"Organization\",\"@id\":\"https:\/\/elmolinodeplata.com\/es\/#organization\",\"name\":\"elmolinodeplata.com\",\"url\":\"https:\/\/elmolinodeplata.com\/es\/\",\"logo\":{\"@type\":\"ImageObject\",\"inLanguage\":\"es\",\"@id\":\"https:\/\/elmolinodeplata.com\/es\/#\/schema\/logo\/image\/\",\"url\":\"http:\/\/elmolinodeplata.com\/wp-content\/uploads\/2023\/03\/logo_01.png\",\"contentUrl\":\"http:\/\/elmolinodeplata.com\/wp-content\/uploads\/2023\/03\/logo_01.png\",\"width\":1499,\"height\":875,\"caption\":\"elmolinodeplata.com\"},\"image\":{\"@id\":\"https:\/\/elmolinodeplata.com\/es\/#\/schema\/logo\/image\/\"}},{\"@type\":\"Person\",\"@id\":\"https:\/\/elmolinodeplata.com\/es\/#\/schema\/person\/04db3c7c80cde6a17c4641ac3c14691f\",\"name\":\"admin\",\"sameAs\":[\"http:\/\/elmolinodeplata.com\"],\"url\":\"https:\/\/elmolinodeplata.com\/es\/author\/info_1zu5mged\/\"}]}<\/script>\n<!-- \/ Yoast SEO plugin. -->","yoast_head_json":{"title":"Our history, un alojamiento boutique de lujo en Granada - El Molino de Plata","description":"Esta es la historia de c\u00f3mo un viejo molino se convirti\u00f3 en un alojamiento boutique de lujo en Granada. Una villa con estilo rural e historia","robots":{"index":"index","follow":"follow","max-snippet":"max-snippet:-1","max-image-preview":"max-image-preview:large","max-video-preview":"max-video-preview:-1"},"canonical":"https:\/\/elmolinodeplata.com\/es\/alojamiento-boutique-de-lujo-en-granada\/","og_locale":"es_ES","og_type":"article","og_title":"Our history, un alojamiento boutique de lujo en Granada - El Molino de Plata","og_description":"Esta es la historia de c\u00f3mo un viejo molino se convirti\u00f3 en un alojamiento boutique de lujo en Granada. Una villa con estilo rural e historia","og_url":"https:\/\/elmolinodeplata.com\/es\/alojamiento-boutique-de-lujo-en-granada\/","og_site_name":"El Molino de Plata","article_published_time":"2023-10-17T16:46:46+00:00","article_modified_time":"2023-10-24T12:43:00+00:00","og_image":[{"width":825,"height":641,"url":"https:\/\/elmolinodeplata.com\/wp-content\/uploads\/2023\/10\/luxury-boutique-accommodation-granada-postv3.webp.jpg","type":"image\/jpeg"}],"author":"admin","twitter_card":"summary_large_image","twitter_misc":{"Escrito por":"admin","Tiempo de lectura":"5 minutos"},"schema":{"@context":"https:\/\/schema.org","@graph":[{"@type":"Article","@id":"https:\/\/elmolinodeplata.com\/es\/alojamiento-boutique-de-lujo-en-granada\/#article","isPartOf":{"@id":"https:\/\/elmolinodeplata.com\/es\/alojamiento-boutique-de-lujo-en-granada\/"},"author":{"name":"admin","@id":"https:\/\/elmolinodeplata.com\/es\/#\/schema\/person\/04db3c7c80cde6a17c4641ac3c14691f"},"headline":"Our history, un alojamiento boutique de lujo en Granada","datePublished":"2023-10-17T16:46:46+00:00","dateModified":"2023-10-24T12:43:00+00:00","mainEntityOfPage":{"@id":"https:\/\/elmolinodeplata.com\/es\/alojamiento-boutique-de-lujo-en-granada\/"},"wordCount":1527,"commentCount":0,"publisher":{"@id":"https:\/\/elmolinodeplata.com\/es\/#organization"},"image":{"@id":"https:\/\/elmolinodeplata.com\/es\/alojamiento-boutique-de-lujo-en-granada\/#primaryimage"},"thumbnailUrl":"https:\/\/elmolinodeplata.com\/wp-content\/uploads\/2023\/10\/luxury-boutique-accommodation-granada-postv3.webp.jpg","keywords":["alojamiento","boutique","granada","lujo","rural","villa"],"articleSection":["Noticias"],"inLanguage":"es","potentialAction":[{"@type":"CommentAction","name":"Comment","target":["https:\/\/elmolinodeplata.com\/es\/alojamiento-boutique-de-lujo-en-granada\/#respond"]}]},{"@type":"WebPage","@id":"https:\/\/elmolinodeplata.com\/es\/alojamiento-boutique-de-lujo-en-granada\/","url":"https:\/\/elmolinodeplata.com\/es\/alojamiento-boutique-de-lujo-en-granada\/","name":"Our history, un alojamiento boutique de lujo en Granada - El Molino de Plata","isPartOf":{"@id":"https:\/\/elmolinodeplata.com\/es\/#website"},"primaryImageOfPage":{"@id":"https:\/\/elmolinodeplata.com\/es\/alojamiento-boutique-de-lujo-en-granada\/#primaryimage"},"image":{"@id":"https:\/\/elmolinodeplata.com\/es\/alojamiento-boutique-de-lujo-en-granada\/#primaryimage"},"thumbnailUrl":"https:\/\/elmolinodeplata.com\/wp-content\/uploads\/2023\/10\/luxury-boutique-accommodation-granada-postv3.webp.jpg","datePublished":"2023-10-17T16:46:46+00:00","dateModified":"2023-10-24T12:43:00+00:00","description":"Esta es la historia de c\u00f3mo un viejo molino se convirti\u00f3 en un alojamiento boutique de lujo en Granada. Una villa con estilo rural e historia","breadcrumb":{"@id":"https:\/\/elmolinodeplata.com\/es\/alojamiento-boutique-de-lujo-en-granada\/#breadcrumb"},"inLanguage":"es","potentialAction":[{"@type":"ReadAction","target":["https:\/\/elmolinodeplata.com\/es\/alojamiento-boutique-de-lujo-en-granada\/"]}]},{"@type":"ImageObject","inLanguage":"es","@id":"https:\/\/elmolinodeplata.com\/es\/alojamiento-boutique-de-lujo-en-granada\/#primaryimage","url":"https:\/\/elmolinodeplata.com\/wp-content\/uploads\/2023\/10\/luxury-boutique-accommodation-granada-postv3.webp.jpg","contentUrl":"https:\/\/elmolinodeplata.com\/wp-content\/uploads\/2023\/10\/luxury-boutique-accommodation-granada-postv3.webp.jpg","width":825,"height":641},{"@type":"BreadcrumbList","@id":"https:\/\/elmolinodeplata.com\/es\/alojamiento-boutique-de-lujo-en-granada\/#breadcrumb","itemListElement":[{"@type":"ListItem","position":1,"name":"Home","item":"https:\/\/elmolinodeplata.com\/es\/"},{"@type":"ListItem","position":2,"name":"Our history, un alojamiento boutique de lujo en Granada"}]},{"@type":"WebSite","@id":"https:\/\/elmolinodeplata.com\/es\/#website","url":"https:\/\/elmolinodeplata.com\/es\/","name":"elmolinodeplata.com","description":"Boutique Home in Granada","publisher":{"@id":"https:\/\/elmolinodeplata.com\/es\/#organization"},"potentialAction":[{"@type":"SearchAction","target":{"@type":"EntryPoint","urlTemplate":"https:\/\/elmolinodeplata.com\/es\/?s={search_term_string}"},"query-input":"required name=search_term_string"}],"inLanguage":"es"},{"@type":"Organization","@id":"https:\/\/elmolinodeplata.com\/es\/#organization","name":"elmolinodeplata.com","url":"https:\/\/elmolinodeplata.com\/es\/","logo":{"@type":"ImageObject","inLanguage":"es","@id":"https:\/\/elmolinodeplata.com\/es\/#\/schema\/logo\/image\/","url":"http:\/\/elmolinodeplata.com\/wp-content\/uploads\/2023\/03\/logo_01.png","contentUrl":"http:\/\/elmolinodeplata.com\/wp-content\/uploads\/2023\/03\/logo_01.png","width":1499,"height":875,"caption":"elmolinodeplata.com"},"image":{"@id":"https:\/\/elmolinodeplata.com\/es\/#\/schema\/logo\/image\/"}},{"@type":"Person","@id":"https:\/\/elmolinodeplata.com\/es\/#\/schema\/person\/04db3c7c80cde6a17c4641ac3c14691f","name":"admin","sameAs":["http:\/\/elmolinodeplata.com"],"url":"https:\/\/elmolinodeplata.com\/es\/author\/info_1zu5mged\/"}]}},"_links":{"self":[{"href":"https:\/\/elmolinodeplata.com\/es\/wp-json\/wp\/v2\/posts\/2010"}],"collection":[{"href":"https:\/\/elmolinodeplata.com\/es\/wp-json\/wp\/v2\/posts"}],"about":[{"href":"https:\/\/elmolinodeplata.com\/es\/wp-json\/wp\/v2\/types\/post"}],"author":[{"embeddable":true,"href":"https:\/\/elmolinodeplata.com\/es\/wp-json\/wp\/v2\/users\/1"}],"replies":[{"embeddable":true,"href":"https:\/\/elmolinodeplata.com\/es\/wp-json\/wp\/v2\/comments?post=2010"}],"version-history":[{"count":12,"href":"https:\/\/elmolinodeplata.com\/es\/wp-json\/wp\/v2\/posts\/2010\/revisions"}],"predecessor-version":[{"id":2033,"href":"https:\/\/elmolinodeplata.com\/es\/wp-json\/wp\/v2\/posts\/2010\/revisions\/2033"}],"wp:featuredmedia":[{"embeddable":true,"href":"https:\/\/elmolinodeplata.com\/es\/wp-json\/wp\/v2\/media\/2054"}],"wp:attachment":[{"href":"https:\/\/elmolinodeplata.com\/es\/wp-json\/wp\/v2\/media?parent=2010"}],"wp:term":[{"taxonomy":"category","embeddable":true,"href":"https:\/\/elmolinodeplata.com\/es\/wp-json\/wp\/v2\/categories?post=2010"},{"taxonomy":"post_tag","embeddable":true,"href":"https:\/\/elmolinodeplata.com\/es\/wp-json\/wp\/v2\/tags?post=2010"}],"curies":[{"name":"wp","href":"https:\/\/api.w.org\/{rel}","templated":true}]}}